{"id":140,"date":"2025-08-21T14:28:21","date_gmt":"2025-08-21T12:28:21","guid":{"rendered":"https:\/\/wetterservicethueringen.com\/wordpress\/?p=140"},"modified":"2025-08-22T08:13:05","modified_gmt":"2025-08-22T06:13:05","slug":"boeden-sehr-trocken","status":"publish","type":"post","link":"https:\/\/wetterservicethueringen.com\/wordpress\/2025\/08\/21\/boeden-sehr-trocken\/","title":{"rendered":"B\u00f6den sehr trocken"},"content":{"rendered":"<h1><span style=\"color: #000000;\">B\u00f6den sind in der Orlasenke weiterhin sehr trocken\u00a0<\/span><\/h1>\n<h2><span style=\"color: #000000;\">August bislang zu trocken\u00a0<\/span><\/h2>\n<p><span style=\"color: #000000;\">Die Boden sind derzeit sehr trocken bei mir in der Orlasenke in Th\u00fcringen. Laut kalibrierter Niederschlagsumme hatten wir bisher 5 bis maximal 8 mm Niederschlag. Normal sind 70mm bis 100 mm im August also es ist deutlich zu trocken. Das zeigen auch die Messungen die ich immer wieder durchf\u00fchre auf einer Tiefe von 25 cm. Dabei zeigt der Feuchtesensor eine Feuchte von 10 % und eine Temperatur von oder um 20 Grad. Dadurch zeigt der D\u00fcrremonitor eine m\u00f6gliche D\u00fcrre und vor allem einen Trockenstress f\u00fcr die Pflanzen. Die Prognosen sehen bislang nur wenig Niederschlag bis Monatsende und selbst da gibt es noch Unsicherheiten. Die Wettermodelle rechnen bis Monatsende eine menge von 10 bis 15 mm was aber abzuwarten bleibt. Zun\u00e4chst aber bleibt es f\u00fcr unsere Region zu trocken.<\/span><\/p>\n<p><img loading=\"lazy\" decoding=\"async\" class=\"alignnone size-full wp-image-141\" src=\"https:\/\/wetterservicethueringen.com\/wordpress\/wp-content\/uploads\/2025\/08\/Screenshot-2025-08-21-141636.png\" alt=\"\" width=\"600\" height=\"800\" srcset=\"https:\/\/wetterservicethueringen.com\/wordpress\/wp-content\/uploads\/2025\/08\/Screenshot-2025-08-21-141636.png 600w, https:\/\/wetterservicethueringen.com\/wordpress\/wp-content\/uploads\/2025\/08\/Screenshot-2025-08-21-141636-225x300.png 225w\" sizes=\"auto, (max-width: 600px) 100vw, 600px\" \/><\/p>\n<p><img loading=\"lazy\" decoding=\"async\" class=\"alignnone size-full wp-image-142\" src=\"https:\/\/wetterservicethueringen.com\/wordpress\/wp-content\/uploads\/2025\/08\/Screenshot-2025-08-21-141646.png\" alt=\"\" width=\"600\" height=\"800\" srcset=\"https:\/\/wetterservicethueringen.com\/wordpress\/wp-content\/uploads\/2025\/08\/Screenshot-2025-08-21-141646.png 600w, https:\/\/wetterservicethueringen.com\/wordpress\/wp-content\/uploads\/2025\/08\/Screenshot-2025-08-21-141646-225x300.png 225w\" sizes=\"auto, (max-width: 600px) 100vw, 600px\" \/><\/p>\n","protected":false},"excerpt":{"rendered":"<div class=\"mh-excerpt\"><p>B\u00f6den sind in der Orlasenke weiterhin sehr trocken\u00a0 August bislang zu trocken\u00a0 Die Boden sind derzeit sehr trocken bei mir in der Orlasenke in Th\u00fcringen. <a class=\"mh-excerpt-more\" href=\"https:\/\/wetterservicethueringen.com\/wordpress\/2025\/08\/21\/boeden-sehr-trocken\/\" title=\"B\u00f6den sehr trocken\">[&#8230;]<\/a><\/p>\n<\/div>","protected":false},"author":1,"featured_media":141,"comment_status":"open","ping_status":"open","sticky":false,"template":"","format":"standard","meta":{"footnotes":""},"categories":[1],"tags":[],"class_list":["post-140","post","type-post","status-publish","format-standard","has-post-thumbnail","hentry","category-allgemein"],"yoast_head":"<!-- This site is optimized with the Yoast SEO plugin v27.3 - https:\/\/yoast.com\/product\/yoast-seo-wordpress\/ -->\n<title>B\u00f6den sehr trocken - wetterservice thueringen<\/title>\n<meta name=\"description\" content=\"Die B\u00f6den im Saale-Orla-Kreis sind besonders in der Orlasenke sehr trocken. Daher besteht eine erh\u00f6hte Brandgefahr\" \/>\n<meta name=\"robots\" content=\"index, follow, max-snippet:-1, max-image-preview:large, max-video-preview:-1\" \/>\n<link rel=\"canonical\" href=\"https:\/\/wetterservicethueringen.com\/wordpress\/2025\/08\/21\/boeden-sehr-trocken\/\" \/>\n<meta property=\"og:locale\" content=\"de_DE\" \/>\n<meta property=\"og:type\" content=\"article\" \/>\n<meta property=\"og:title\" content=\"B\u00f6den sehr trocken - wetterservice thueringen\" \/>\n<meta property=\"og:description\" content=\"Die B\u00f6den im Saale-Orla-Kreis sind besonders in der Orlasenke sehr trocken. Daher besteht eine erh\u00f6hte Brandgefahr\" \/>\n<meta property=\"og:url\" content=\"https:\/\/wetterservicethueringen.com\/wordpress\/2025\/08\/21\/boeden-sehr-trocken\/\" \/>\n<meta property=\"og:site_name\" content=\"wetterservice thueringen\" \/>\n<meta property=\"article:publisher\" content=\"https:\/\/www.facebook.com\/kroelpawetter\" \/>\n<meta property=\"article:author\" content=\"https:\/\/www.facebook.com\/kroelpawetter\" \/>\n<meta property=\"article:published_time\" content=\"2025-08-21T12:28:21+00:00\" \/>\n<meta property=\"article:modified_time\" content=\"2025-08-22T06:13:05+00:00\" \/>\n<meta property=\"og:image\" content=\"https:\/\/wetterservicethueringen.com\/wordpress\/wp-content\/uploads\/2025\/08\/Screenshot-2025-08-21-141636.png\" \/>\n\t<meta property=\"og:image:width\" content=\"600\" \/>\n\t<meta property=\"og:image:height\" content=\"800\" \/>\n\t<meta property=\"og:image:type\" content=\"image\/png\" \/>\n<meta name=\"author\" content=\"udo karow\" \/>\n<meta name=\"twitter:card\" content=\"summary_large_image\" \/>\n<meta name=\"twitter:label1\" content=\"Geschrieben von\" \/>\n\t<meta name=\"twitter:data1\" content=\"udo karow\" \/>\n\t<meta name=\"twitter:label2\" content=\"Gesch\u00e4tzte Lesezeit\" \/>\n\t<meta name=\"twitter:data2\" content=\"2\u00a0Minuten\" \/>\n<script type=\"application\/ld+json\" class=\"yoast-schema-graph\">{\"@context\":\"https:\\\/\\\/schema.org\",\"@graph\":[{\"@type\":\"Article\",\"@id\":\"https:\\\/\\\/wetterservicethueringen.com\\\/wordpress\\\/2025\\\/08\\\/21\\\/boeden-sehr-trocken\\\/#article\",\"isPartOf\":{\"@id\":\"https:\\\/\\\/wetterservicethueringen.com\\\/wordpress\\\/2025\\\/08\\\/21\\\/boeden-sehr-trocken\\\/\"},\"author\":{\"name\":\"udo karow\",\"@id\":\"https:\\\/\\\/wetterservicethueringen.com\\\/wordpress\\\/#\\\/schema\\\/person\\\/43d31eb1c38dc55ace6706bb79a42238\"},\"headline\":\"B\u00f6den sehr trocken\",\"datePublished\":\"2025-08-21T12:28:21+00:00\",\"dateModified\":\"2025-08-22T06:13:05+00:00\",\"mainEntityOfPage\":{\"@id\":\"https:\\\/\\\/wetterservicethueringen.com\\\/wordpress\\\/2025\\\/08\\\/21\\\/boeden-sehr-trocken\\\/\"},\"wordCount\":144,\"commentCount\":0,\"publisher\":{\"@id\":\"https:\\\/\\\/wetterservicethueringen.com\\\/wordpress\\\/#\\\/schema\\\/person\\\/43d31eb1c38dc55ace6706bb79a42238\"},\"image\":{\"@id\":\"https:\\\/\\\/wetterservicethueringen.com\\\/wordpress\\\/2025\\\/08\\\/21\\\/boeden-sehr-trocken\\\/#primaryimage\"},\"thumbnailUrl\":\"https:\\\/\\\/wetterservicethueringen.com\\\/wordpress\\\/wp-content\\\/uploads\\\/2025\\\/08\\\/Screenshot-2025-08-21-141636.png\",\"inLanguage\":\"de\",\"potentialAction\":[{\"@type\":\"CommentAction\",\"name\":\"Comment\",\"target\":[\"https:\\\/\\\/wetterservicethueringen.com\\\/wordpress\\\/2025\\\/08\\\/21\\\/boeden-sehr-trocken\\\/#respond\"]}]},{\"@type\":\"WebPage\",\"@id\":\"https:\\\/\\\/wetterservicethueringen.com\\\/wordpress\\\/2025\\\/08\\\/21\\\/boeden-sehr-trocken\\\/\",\"url\":\"https:\\\/\\\/wetterservicethueringen.com\\\/wordpress\\\/2025\\\/08\\\/21\\\/boeden-sehr-trocken\\\/\",\"name\":\"B\u00f6den sehr trocken - wetterservice thueringen\",\"isPartOf\":{\"@id\":\"https:\\\/\\\/wetterservicethueringen.com\\\/wordpress\\\/#website\"},\"primaryImageOfPage\":{\"@id\":\"https:\\\/\\\/wetterservicethueringen.com\\\/wordpress\\\/2025\\\/08\\\/21\\\/boeden-sehr-trocken\\\/#primaryimage\"},\"image\":{\"@id\":\"https:\\\/\\\/wetterservicethueringen.com\\\/wordpress\\\/2025\\\/08\\\/21\\\/boeden-sehr-trocken\\\/#primaryimage\"},\"thumbnailUrl\":\"https:\\\/\\\/wetterservicethueringen.com\\\/wordpress\\\/wp-content\\\/uploads\\\/2025\\\/08\\\/Screenshot-2025-08-21-141636.png\",\"datePublished\":\"2025-08-21T12:28:21+00:00\",\"dateModified\":\"2025-08-22T06:13:05+00:00\",\"description\":\"Die B\u00f6den im Saale-Orla-Kreis sind besonders in der Orlasenke sehr trocken. Daher besteht eine erh\u00f6hte Brandgefahr\",\"breadcrumb\":{\"@id\":\"https:\\\/\\\/wetterservicethueringen.com\\\/wordpress\\\/2025\\\/08\\\/21\\\/boeden-sehr-trocken\\\/#breadcrumb\"},\"inLanguage\":\"de\",\"potentialAction\":[{\"@type\":\"ReadAction\",\"target\":[\"https:\\\/\\\/wetterservicethueringen.com\\\/wordpress\\\/2025\\\/08\\\/21\\\/boeden-sehr-trocken\\\/\"]}]},{\"@type\":\"ImageObject\",\"inLanguage\":\"de\",\"@id\":\"https:\\\/\\\/wetterservicethueringen.com\\\/wordpress\\\/2025\\\/08\\\/21\\\/boeden-sehr-trocken\\\/#primaryimage\",\"url\":\"https:\\\/\\\/wetterservicethueringen.com\\\/wordpress\\\/wp-content\\\/uploads\\\/2025\\\/08\\\/Screenshot-2025-08-21-141636.png\",\"contentUrl\":\"https:\\\/\\\/wetterservicethueringen.com\\\/wordpress\\\/wp-content\\\/uploads\\\/2025\\\/08\\\/Screenshot-2025-08-21-141636.png\",\"width\":600,\"height\":800},{\"@type\":\"BreadcrumbList\",\"@id\":\"https:\\\/\\\/wetterservicethueringen.com\\\/wordpress\\\/2025\\\/08\\\/21\\\/boeden-sehr-trocken\\\/#breadcrumb\",\"itemListElement\":[{\"@type\":\"ListItem\",\"position\":1,\"name\":\"Startseite\",\"item\":\"https:\\\/\\\/wetterservicethueringen.com\\\/wordpress\\\/\"},{\"@type\":\"ListItem\",\"position\":2,\"name\":\"B\u00f6den sehr trocken\"}]},{\"@type\":\"WebSite\",\"@id\":\"https:\\\/\\\/wetterservicethueringen.com\\\/wordpress\\\/#website\",\"url\":\"https:\\\/\\\/wetterservicethueringen.com\\\/wordpress\\\/\",\"name\":\"wetterservice thueringen\",\"description\":\"Wetter aus Th\u00fcringen f\u00fcr Th\u00fcringen und Deutschland\",\"publisher\":{\"@id\":\"https:\\\/\\\/wetterservicethueringen.com\\\/wordpress\\\/#\\\/schema\\\/person\\\/43d31eb1c38dc55ace6706bb79a42238\"},\"potentialAction\":[{\"@type\":\"SearchAction\",\"target\":{\"@type\":\"EntryPoint\",\"urlTemplate\":\"https:\\\/\\\/wetterservicethueringen.com\\\/wordpress\\\/?s={search_term_string}\"},\"query-input\":{\"@type\":\"PropertyValueSpecification\",\"valueRequired\":true,\"valueName\":\"search_term_string\"}}],\"inLanguage\":\"de\"},{\"@type\":[\"Person\",\"Organization\"],\"@id\":\"https:\\\/\\\/wetterservicethueringen.com\\\/wordpress\\\/#\\\/schema\\\/person\\\/43d31eb1c38dc55ace6706bb79a42238\",\"name\":\"udo karow\",\"image\":{\"@type\":\"ImageObject\",\"inLanguage\":\"de\",\"@id\":\"https:\\\/\\\/wetterservicethueringen.com\\\/wordpress\\\/wp-content\\\/uploads\\\/2025\\\/10\\\/logo-tshirt.png\",\"url\":\"https:\\\/\\\/wetterservicethueringen.com\\\/wordpress\\\/wp-content\\\/uploads\\\/2025\\\/10\\\/logo-tshirt.png\",\"contentUrl\":\"https:\\\/\\\/wetterservicethueringen.com\\\/wordpress\\\/wp-content\\\/uploads\\\/2025\\\/10\\\/logo-tshirt.png\",\"width\":1323,\"height\":1436,\"caption\":\"udo karow\"},\"logo\":{\"@id\":\"https:\\\/\\\/wetterservicethueringen.com\\\/wordpress\\\/wp-content\\\/uploads\\\/2025\\\/10\\\/logo-tshirt.png\"},\"description\":\"1975 in Siegburg ( NRW ) geboren. Seit 2018 in Th\u00fcringen. Seit 2009 in der Meteorologie aktiv. Fr\u00fchrentner.\",\"sameAs\":[\"https:\\\/\\\/wetterservicethueringen.com\\\/wordpress\",\"https:\\\/\\\/www.facebook.com\\\/kroelpawetter\",\"https:\\\/\\\/www.instagram.com\\\/wetterservicethueringen\\\/\"],\"url\":\"https:\\\/\\\/wetterservicethueringen.com\\\/wordpress\\\/author\\\/udo-karow\\\/\"}]}<\/script>\n<!-- \/ Yoast SEO plugin. -->","yoast_head_json":{"title":"B\u00f6den sehr trocken - wetterservice thueringen","description":"Die B\u00f6den im Saale-Orla-Kreis sind besonders in der Orlasenke sehr trocken. Daher besteht eine erh\u00f6hte Brandgefahr","robots":{"index":"index","follow":"follow","max-snippet":"max-snippet:-1","max-image-preview":"max-image-preview:large","max-video-preview":"max-video-preview:-1"},"canonical":"https:\/\/wetterservicethueringen.com\/wordpress\/2025\/08\/21\/boeden-sehr-trocken\/","og_locale":"de_DE","og_type":"article","og_title":"B\u00f6den sehr trocken - wetterservice thueringen","og_description":"Die B\u00f6den im Saale-Orla-Kreis sind besonders in der Orlasenke sehr trocken. Daher besteht eine erh\u00f6hte Brandgefahr","og_url":"https:\/\/wetterservicethueringen.com\/wordpress\/2025\/08\/21\/boeden-sehr-trocken\/","og_site_name":"wetterservice thueringen","article_publisher":"https:\/\/www.facebook.com\/kroelpawetter","article_author":"https:\/\/www.facebook.com\/kroelpawetter","article_published_time":"2025-08-21T12:28:21+00:00","article_modified_time":"2025-08-22T06:13:05+00:00","og_image":[{"width":600,"height":800,"url":"https:\/\/wetterservicethueringen.com\/wordpress\/wp-content\/uploads\/2025\/08\/Screenshot-2025-08-21-141636.png","type":"image\/png"}],"author":"udo karow","twitter_card":"summary_large_image","twitter_misc":{"Geschrieben von":"udo karow","Gesch\u00e4tzte Lesezeit":"2\u00a0Minuten"},"schema":{"@context":"https:\/\/schema.org","@graph":[{"@type":"Article","@id":"https:\/\/wetterservicethueringen.com\/wordpress\/2025\/08\/21\/boeden-sehr-trocken\/#article","isPartOf":{"@id":"https:\/\/wetterservicethueringen.com\/wordpress\/2025\/08\/21\/boeden-sehr-trocken\/"},"author":{"name":"udo karow","@id":"https:\/\/wetterservicethueringen.com\/wordpress\/#\/schema\/person\/43d31eb1c38dc55ace6706bb79a42238"},"headline":"B\u00f6den sehr trocken","datePublished":"2025-08-21T12:28:21+00:00","dateModified":"2025-08-22T06:13:05+00:00","mainEntityOfPage":{"@id":"https:\/\/wetterservicethueringen.com\/wordpress\/2025\/08\/21\/boeden-sehr-trocken\/"},"wordCount":144,"commentCount":0,"publisher":{"@id":"https:\/\/wetterservicethueringen.com\/wordpress\/#\/schema\/person\/43d31eb1c38dc55ace6706bb79a42238"},"image":{"@id":"https:\/\/wetterservicethueringen.com\/wordpress\/2025\/08\/21\/boeden-sehr-trocken\/#primaryimage"},"thumbnailUrl":"https:\/\/wetterservicethueringen.com\/wordpress\/wp-content\/uploads\/2025\/08\/Screenshot-2025-08-21-141636.png","inLanguage":"de","potentialAction":[{"@type":"CommentAction","name":"Comment","target":["https:\/\/wetterservicethueringen.com\/wordpress\/2025\/08\/21\/boeden-sehr-trocken\/#respond"]}]},{"@type":"WebPage","@id":"https:\/\/wetterservicethueringen.com\/wordpress\/2025\/08\/21\/boeden-sehr-trocken\/","url":"https:\/\/wetterservicethueringen.com\/wordpress\/2025\/08\/21\/boeden-sehr-trocken\/","name":"B\u00f6den sehr trocken - wetterservice thueringen","isPartOf":{"@id":"https:\/\/wetterservicethueringen.com\/wordpress\/#website"},"primaryImageOfPage":{"@id":"https:\/\/wetterservicethueringen.com\/wordpress\/2025\/08\/21\/boeden-sehr-trocken\/#primaryimage"},"image":{"@id":"https:\/\/wetterservicethueringen.com\/wordpress\/2025\/08\/21\/boeden-sehr-trocken\/#primaryimage"},"thumbnailUrl":"https:\/\/wetterservicethueringen.com\/wordpress\/wp-content\/uploads\/2025\/08\/Screenshot-2025-08-21-141636.png","datePublished":"2025-08-21T12:28:21+00:00","dateModified":"2025-08-22T06:13:05+00:00","description":"Die B\u00f6den im Saale-Orla-Kreis sind besonders in der Orlasenke sehr trocken. Daher besteht eine erh\u00f6hte Brandgefahr","breadcrumb":{"@id":"https:\/\/wetterservicethueringen.com\/wordpress\/2025\/08\/21\/boeden-sehr-trocken\/#breadcrumb"},"inLanguage":"de","potentialAction":[{"@type":"ReadAction","target":["https:\/\/wetterservicethueringen.com\/wordpress\/2025\/08\/21\/boeden-sehr-trocken\/"]}]},{"@type":"ImageObject","inLanguage":"de","@id":"https:\/\/wetterservicethueringen.com\/wordpress\/2025\/08\/21\/boeden-sehr-trocken\/#primaryimage","url":"https:\/\/wetterservicethueringen.com\/wordpress\/wp-content\/uploads\/2025\/08\/Screenshot-2025-08-21-141636.png","contentUrl":"https:\/\/wetterservicethueringen.com\/wordpress\/wp-content\/uploads\/2025\/08\/Screenshot-2025-08-21-141636.png","width":600,"height":800},{"@type":"BreadcrumbList","@id":"https:\/\/wetterservicethueringen.com\/wordpress\/2025\/08\/21\/boeden-sehr-trocken\/#breadcrumb","itemListElement":[{"@type":"ListItem","position":1,"name":"Startseite","item":"https:\/\/wetterservicethueringen.com\/wordpress\/"},{"@type":"ListItem","position":2,"name":"B\u00f6den sehr trocken"}]},{"@type":"WebSite","@id":"https:\/\/wetterservicethueringen.com\/wordpress\/#website","url":"https:\/\/wetterservicethueringen.com\/wordpress\/","name":"wetterservice thueringen","description":"Wetter aus Th\u00fcringen f\u00fcr Th\u00fcringen und Deutschland","publisher":{"@id":"https:\/\/wetterservicethueringen.com\/wordpress\/#\/schema\/person\/43d31eb1c38dc55ace6706bb79a42238"},"potentialAction":[{"@type":"SearchAction","target":{"@type":"EntryPoint","urlTemplate":"https:\/\/wetterservicethueringen.com\/wordpress\/?s={search_term_string}"},"query-input":{"@type":"PropertyValueSpecification","valueRequired":true,"valueName":"search_term_string"}}],"inLanguage":"de"},{"@type":["Person","Organization"],"@id":"https:\/\/wetterservicethueringen.com\/wordpress\/#\/schema\/person\/43d31eb1c38dc55ace6706bb79a42238","name":"udo karow","image":{"@type":"ImageObject","inLanguage":"de","@id":"https:\/\/wetterservicethueringen.com\/wordpress\/wp-content\/uploads\/2025\/10\/logo-tshirt.png","url":"https:\/\/wetterservicethueringen.com\/wordpress\/wp-content\/uploads\/2025\/10\/logo-tshirt.png","contentUrl":"https:\/\/wetterservicethueringen.com\/wordpress\/wp-content\/uploads\/2025\/10\/logo-tshirt.png","width":1323,"height":1436,"caption":"udo karow"},"logo":{"@id":"https:\/\/wetterservicethueringen.com\/wordpress\/wp-content\/uploads\/2025\/10\/logo-tshirt.png"},"description":"1975 in Siegburg ( NRW ) geboren. Seit 2018 in Th\u00fcringen. Seit 2009 in der Meteorologie aktiv. Fr\u00fchrentner.","sameAs":["https:\/\/wetterservicethueringen.com\/wordpress","https:\/\/www.facebook.com\/kroelpawetter","https:\/\/www.instagram.com\/wetterservicethueringen\/"],"url":"https:\/\/wetterservicethueringen.com\/wordpress\/author\/udo-karow\/"}]}},"_links":{"self":[{"href":"https:\/\/wetterservicethueringen.com\/wordpress\/wp-json\/wp\/v2\/posts\/140","targetHints":{"allow":["GET"]}}],"collection":[{"href":"https:\/\/wetterservicethueringen.com\/wordpress\/wp-json\/wp\/v2\/posts"}],"about":[{"href":"https:\/\/wetterservicethueringen.com\/wordpress\/wp-json\/wp\/v2\/types\/post"}],"author":[{"embeddable":true,"href":"https:\/\/wetterservicethueringen.com\/wordpress\/wp-json\/wp\/v2\/users\/1"}],"replies":[{"embeddable":true,"href":"https:\/\/wetterservicethueringen.com\/wordpress\/wp-json\/wp\/v2\/comments?post=140"}],"version-history":[{"count":1,"href":"https:\/\/wetterservicethueringen.com\/wordpress\/wp-json\/wp\/v2\/posts\/140\/revisions"}],"predecessor-version":[{"id":143,"href":"https:\/\/wetterservicethueringen.com\/wordpress\/wp-json\/wp\/v2\/posts\/140\/revisions\/143"}],"wp:featuredmedia":[{"embeddable":true,"href":"https:\/\/wetterservicethueringen.com\/wordpress\/wp-json\/wp\/v2\/media\/141"}],"wp:attachment":[{"href":"https:\/\/wetterservicethueringen.com\/wordpress\/wp-json\/wp\/v2\/media?parent=140"}],"wp:term":[{"taxonomy":"category","embeddable":true,"href":"https:\/\/wetterservicethueringen.com\/wordpress\/wp-json\/wp\/v2\/categories?post=140"},{"taxonomy":"post_tag","embeddable":true,"href":"https:\/\/wetterservicethueringen.com\/wordpress\/wp-json\/wp\/v2\/tags?post=140"}],"curies":[{"name":"wp","href":"https:\/\/api.w.org\/{rel}","templated":true}]}}