{"id":545,"date":"2026-03-15T12:47:36","date_gmt":"2026-03-15T11:47:36","guid":{"rendered":"https:\/\/wetterservicethueringen.com\/wordpress\/?p=545"},"modified":"2026-03-15T12:47:36","modified_gmt":"2026-03-15T11:47:36","slug":"wetterlage-15-03-2026","status":"publish","type":"post","link":"https:\/\/wetterservicethueringen.com\/wordpress\/2026\/03\/15\/wetterlage-15-03-2026\/","title":{"rendered":"Wetterlage 15-03-2026"},"content":{"rendered":"<h1><span style=\"color: #000000;\">Wetterlage zeigt sich k\u00fchl und nach Osten und S\u00fcdosten wechselhaft !<\/span><\/h1>\n<h2><span style=\"color: #000000;\">Wetterlage zeigt auch tiefdruckgepr\u00e4gte Wetterlage zum Wochenstart ! Mitte der Woche neuer Block m\u00f6glich !<\/span><\/h2>\n<h3><span style=\"color: #000000;\">Weiterhin verbleiben wir unter dem Einfluss atlantischer Tiefs. Aktuell zeigt sich Zwischenhocheinfluss nach Westen und Nordwesten wie auch S\u00fcdwesten hin w\u00e4hrend sich nach Osten und S\u00fcdosten eher wechselhaftes Schauerwetter zeigt. Auch die neue Woche startet tiefdruckgepr\u00e4gt. Zur Wochenmitte k\u00f6nnte sich dann ein neues Hoch als Mitteleuropablock zeigen ! Trend wieder eher hochdruckgepr\u00e4gt.<\/span><\/h3>\n<p><a href=\"https:\/\/deweko.org\/ewi\/test.html?model=dwd_icon&amp;var=pressure_msl&amp;date=2026-03-16&amp;tidx=14&amp;lat=58.8900&amp;lon=13.3228&amp;z=2.82\"><img loading=\"lazy\" decoding=\"async\" class=\"alignnone size-full wp-image-546\" src=\"https:\/\/wetterservicethueringen.com\/wordpress\/wp-content\/uploads\/2026\/03\/wetterlage-15032026.png\" alt=\"Wetterlage Sonntag den 15.03.2026\" width=\"800\" height=\"600\" srcset=\"https:\/\/wetterservicethueringen.com\/wordpress\/wp-content\/uploads\/2026\/03\/wetterlage-15032026.png 800w, https:\/\/wetterservicethueringen.com\/wordpress\/wp-content\/uploads\/2026\/03\/wetterlage-15032026-300x225.png 300w, https:\/\/wetterservicethueringen.com\/wordpress\/wp-content\/uploads\/2026\/03\/wetterlage-15032026-768x576.png 768w, https:\/\/wetterservicethueringen.com\/wordpress\/wp-content\/uploads\/2026\/03\/wetterlage-15032026-678x509.png 678w, https:\/\/wetterservicethueringen.com\/wordpress\/wp-content\/uploads\/2026\/03\/wetterlage-15032026-326x245.png 326w, https:\/\/wetterservicethueringen.com\/wordpress\/wp-content\/uploads\/2026\/03\/wetterlage-15032026-80x60.png 80w\" sizes=\"auto, (max-width: 800px) 100vw, 800px\" \/><\/a><\/p>\n<p><span style=\"color: #000000;\">Heute zieht die Kaltfront eines Tiefs ostw\u00e4rts ab sorgt aber im nachhinein f\u00fcr viele Wolken und Regen. Nach Westen und Nordwesten hin zeigt sich ein Zwischenhoch das dort f\u00fcr freundliches Wetter sorgt. Die Luftmassen zeigt sich jedoch als ziemlich k\u00fchl und so sind in Hochlagen auch nasse Schneeflocken zu erwarten. Die Schneefallgrenze liegt oftmals bei 700 bis 100 Meter, nach Norden und Nordosten auch 500 bis 700 Meter. Im S\u00fcdosten steigt diese auch 800 bis 1000 Meter an. Auf dem Atlantik zeigt sich ein weiteres Tiefdrucksystem dessen Frontensystem am Abend im Westen aufzieht und neue Wolken mit Regen bringt. In den Hochlagen oberhalb 500 Meter kann in der Nacht auch Schnee dabei sein, Allerdings verlagert sich die Zone mit der geringen Schneefallgrenze weiter nach Osten und somit steigt aus Westen die Schneefallgrenze an. Bis zum Montagmorgen verlagert sich das Niederschlagsfeld bis zur Mitte des Landes.<\/span><\/p>\n<p><img loading=\"lazy\" decoding=\"async\" class=\"alignnone size-full wp-image-547\" src=\"https:\/\/wetterservicethueringen.com\/wordpress\/wp-content\/uploads\/2026\/03\/wetterlage-16032026.png\" alt=\"Wetterlage Montag den 16-03-2026\" width=\"800\" height=\"600\" srcset=\"https:\/\/wetterservicethueringen.com\/wordpress\/wp-content\/uploads\/2026\/03\/wetterlage-16032026.png 800w, https:\/\/wetterservicethueringen.com\/wordpress\/wp-content\/uploads\/2026\/03\/wetterlage-16032026-300x225.png 300w, https:\/\/wetterservicethueringen.com\/wordpress\/wp-content\/uploads\/2026\/03\/wetterlage-16032026-768x576.png 768w, https:\/\/wetterservicethueringen.com\/wordpress\/wp-content\/uploads\/2026\/03\/wetterlage-16032026-678x509.png 678w, https:\/\/wetterservicethueringen.com\/wordpress\/wp-content\/uploads\/2026\/03\/wetterlage-16032026-326x245.png 326w, https:\/\/wetterservicethueringen.com\/wordpress\/wp-content\/uploads\/2026\/03\/wetterlage-16032026-80x60.png 80w\" sizes=\"auto, (max-width: 800px) 100vw, 800px\" \/><\/p>\n<p><span style=\"color: #000000;\">Mit dem genannten Niederschlagsfeld ist dann auch in den Hochlagen der zentralen Mittelgebirge ( Th\u00fcringer Wald oder Harz und Rh\u00f6n ) Schneefall m\u00f6glich. Das Frontensystem soll sich bis in die Mittagstunden bis in den Osten verlagern und dann allm\u00e4hlich rausziehen. Wir sehen sogar noch die alte Kaltfront vom Sonntag die aber durch ein Russlandhoch ausgebremst wird. Auf der R\u00fcckseite sind dann erneut noch Schauer zu erwarten und auch Gewitter k\u00f6nnen ein Thema werden denn H\u00f6henkaltluft wird noch mittels einem H\u00f6hentief eine Rolle spielen.\u00a0<\/span><\/p>\n<p><span style=\"color: #000000;\">Am Dienstag ist vor allem von Schleswig Holstein bis Bayern mit einer dicken Wolkendecke und leichtem Regen zu rechnen oder auch leichten Schauern. Aus Westen aber auch aus Osten lockern die Wolken mehr und mehr auf und knabbern an dem Wolken- und Niederschlagsfeld und zur Nacht auf Mittwoch l\u00f6sst sich das ganze allm\u00e4hlich auf aber Nebel k\u00f6nnte hier und da ein Thema werden.<\/span><\/p>\n<p><img loading=\"lazy\" decoding=\"async\" class=\"alignnone size-full wp-image-548\" src=\"https:\/\/wetterservicethueringen.com\/wordpress\/wp-content\/uploads\/2026\/03\/wetterlagenensemble-14032026.png\" alt=\"Wetterlagenensemble ECMWF vom 14.03.2026\" width=\"800\" height=\"600\" srcset=\"https:\/\/wetterservicethueringen.com\/wordpress\/wp-content\/uploads\/2026\/03\/wetterlagenensemble-14032026.png 800w, https:\/\/wetterservicethueringen.com\/wordpress\/wp-content\/uploads\/2026\/03\/wetterlagenensemble-14032026-300x225.png 300w, https:\/\/wetterservicethueringen.com\/wordpress\/wp-content\/uploads\/2026\/03\/wetterlagenensemble-14032026-768x576.png 768w, https:\/\/wetterservicethueringen.com\/wordpress\/wp-content\/uploads\/2026\/03\/wetterlagenensemble-14032026-678x509.png 678w, https:\/\/wetterservicethueringen.com\/wordpress\/wp-content\/uploads\/2026\/03\/wetterlagenensemble-14032026-326x245.png 326w, https:\/\/wetterservicethueringen.com\/wordpress\/wp-content\/uploads\/2026\/03\/wetterlagenensemble-14032026-80x60.png 80w\" sizes=\"auto, (max-width: 800px) 100vw, 800px\" \/><\/p>\n<p><span style=\"color: #000000;\">Das Wetterlagenensemble zeigt den derzeit wetterwirksamen Atlantik anhand des positiven NAO-Index. ( positiver NAO = wetteraktiver Atlantik , Atlantiktiefs, starker Jetstream, Westwetterlage ). Danach zeigt sich aber dann deutlich der \u00dcbergang zu einem Hochdruckblock Mitteleuropa \/ Skandinavien. Das bedeutet, das die atlantischen Tiefs kaum bis gar nicht durchkommen und nach Norden oder S\u00fcden ausweichen m\u00fcssen. Bei uns wirkt dann eher das Hochdruckwetter.\u00a0<\/span><\/p>\n<p><span style=\"color: #000000;\">Im weiteren Trend zeigt sich der positiver NAO eher untergeordnet. Es \u00fcberwiegt eher der m\u00f6glich Mitteleuropa-\/ Skandinavienblock. Auch ein negativer NAO oder Atlantikhoch k\u00f6nnte eine M\u00f6glichkeit sein. Schuld ist der derzeitige Zusammenbruch des Polartiefs und des Major Warmings. Dieser k\u00f6nnte sich vor allem Zum Monatsende und Anfang April wetterwirksam zeigen. Dabei w\u00e4ren auch noch sp\u00e4te Kaltlufteinbr\u00fcche durchaus m\u00f6glich.<\/span><\/p>\n<p>&nbsp;<\/p>\n","protected":false},"excerpt":{"rendered":"<div class=\"mh-excerpt\"><p>Wetterlage zeigt sich k\u00fchl und nach Osten und S\u00fcdosten wechselhaft ! Wetterlage zeigt auch tiefdruckgepr\u00e4gte Wetterlage zum Wochenstart ! Mitte der Woche neuer Block m\u00f6glich <a class=\"mh-excerpt-more\" href=\"https:\/\/wetterservicethueringen.com\/wordpress\/2026\/03\/15\/wetterlage-15-03-2026\/\" title=\"Wetterlage 15-03-2026\">[&#8230;]<\/a><\/p>\n<\/div>","protected":false},"author":1,"featured_media":546,"comment_status":"open","ping_status":"open","sticky":false,"template":"","format":"standard","meta":{"footnotes":""},"categories":[1],"tags":[11,38,40,25,24],"class_list":["post-545","post","type-post","status-publish","format-standard","has-post-thumbnail","hentry","category-allgemein","tag-deutschland","tag-ecmwf","tag-nao","tag-synoptik","tag-wetterlage"],"yoast_head":"<!-- This site is optimized with the Yoast SEO plugin v27.3 - https:\/\/yoast.com\/product\/yoast-seo-wordpress\/ -->\n<title>Wetterlage 15-03-2026 - wetterservice thueringen<\/title>\n<meta name=\"description\" content=\"Wetterlage zeigt sich weiter tiefdruckgepr\u00e4gt auch zum Wochenstart. Ab Dienstag \u00dcbergang zu Hochdruckwetter wahrscheinlich.\" \/>\n<meta name=\"robots\" content=\"index, follow, max-snippet:-1, max-image-preview:large, max-video-preview:-1\" \/>\n<link rel=\"canonical\" href=\"https:\/\/wetterservicethueringen.com\/wordpress\/2026\/03\/15\/wetterlage-15-03-2026\/\" \/>\n<meta property=\"og:locale\" content=\"de_DE\" \/>\n<meta property=\"og:type\" content=\"article\" \/>\n<meta property=\"og:title\" content=\"Wetterlage 15-03-2026 - wetterservice thueringen\" \/>\n<meta property=\"og:description\" content=\"Wetterlage zeigt sich weiter tiefdruckgepr\u00e4gt auch zum Wochenstart. Ab Dienstag \u00dcbergang zu Hochdruckwetter wahrscheinlich.\" \/>\n<meta property=\"og:url\" content=\"https:\/\/wetterservicethueringen.com\/wordpress\/2026\/03\/15\/wetterlage-15-03-2026\/\" \/>\n<meta property=\"og:site_name\" content=\"wetterservice thueringen\" \/>\n<meta property=\"article:publisher\" content=\"https:\/\/www.facebook.com\/kroelpawetter\" \/>\n<meta property=\"article:author\" content=\"https:\/\/www.facebook.com\/kroelpawetter\" \/>\n<meta property=\"article:published_time\" content=\"2026-03-15T11:47:36+00:00\" \/>\n<meta property=\"og:image\" content=\"https:\/\/wetterservicethueringen.com\/wordpress\/wp-content\/uploads\/2026\/03\/wetterlage-15032026.png\" \/>\n\t<meta property=\"og:image:width\" content=\"800\" \/>\n\t<meta property=\"og:image:height\" content=\"600\" \/>\n\t<meta property=\"og:image:type\" content=\"image\/png\" \/>\n<meta name=\"author\" content=\"udo karow\" \/>\n<meta name=\"twitter:card\" content=\"summary_large_image\" \/>\n<meta name=\"twitter:label1\" content=\"Geschrieben von\" \/>\n\t<meta name=\"twitter:data1\" content=\"udo karow\" \/>\n\t<meta name=\"twitter:label2\" content=\"Gesch\u00e4tzte Lesezeit\" \/>\n\t<meta name=\"twitter:data2\" content=\"4\u00a0Minuten\" \/>\n<script type=\"application\/ld+json\" class=\"yoast-schema-graph\">{\"@context\":\"https:\\\/\\\/schema.org\",\"@graph\":[{\"@type\":\"Article\",\"@id\":\"https:\\\/\\\/wetterservicethueringen.com\\\/wordpress\\\/2026\\\/03\\\/15\\\/wetterlage-15-03-2026\\\/#article\",\"isPartOf\":{\"@id\":\"https:\\\/\\\/wetterservicethueringen.com\\\/wordpress\\\/2026\\\/03\\\/15\\\/wetterlage-15-03-2026\\\/\"},\"author\":{\"name\":\"udo karow\",\"@id\":\"https:\\\/\\\/wetterservicethueringen.com\\\/wordpress\\\/#\\\/schema\\\/person\\\/43d31eb1c38dc55ace6706bb79a42238\"},\"headline\":\"Wetterlage 15-03-2026\",\"datePublished\":\"2026-03-15T11:47:36+00:00\",\"mainEntityOfPage\":{\"@id\":\"https:\\\/\\\/wetterservicethueringen.com\\\/wordpress\\\/2026\\\/03\\\/15\\\/wetterlage-15-03-2026\\\/\"},\"wordCount\":511,\"commentCount\":0,\"publisher\":{\"@id\":\"https:\\\/\\\/wetterservicethueringen.com\\\/wordpress\\\/#\\\/schema\\\/person\\\/43d31eb1c38dc55ace6706bb79a42238\"},\"image\":{\"@id\":\"https:\\\/\\\/wetterservicethueringen.com\\\/wordpress\\\/2026\\\/03\\\/15\\\/wetterlage-15-03-2026\\\/#primaryimage\"},\"thumbnailUrl\":\"https:\\\/\\\/wetterservicethueringen.com\\\/wordpress\\\/wp-content\\\/uploads\\\/2026\\\/03\\\/wetterlage-15032026.png\",\"keywords\":[\"Deutschland\",\"ECMWF\",\"NAO\",\"synoptik\",\"wetterlage\"],\"inLanguage\":\"de\",\"potentialAction\":[{\"@type\":\"CommentAction\",\"name\":\"Comment\",\"target\":[\"https:\\\/\\\/wetterservicethueringen.com\\\/wordpress\\\/2026\\\/03\\\/15\\\/wetterlage-15-03-2026\\\/#respond\"]}]},{\"@type\":\"WebPage\",\"@id\":\"https:\\\/\\\/wetterservicethueringen.com\\\/wordpress\\\/2026\\\/03\\\/15\\\/wetterlage-15-03-2026\\\/\",\"url\":\"https:\\\/\\\/wetterservicethueringen.com\\\/wordpress\\\/2026\\\/03\\\/15\\\/wetterlage-15-03-2026\\\/\",\"name\":\"Wetterlage 15-03-2026 - wetterservice thueringen\",\"isPartOf\":{\"@id\":\"https:\\\/\\\/wetterservicethueringen.com\\\/wordpress\\\/#website\"},\"primaryImageOfPage\":{\"@id\":\"https:\\\/\\\/wetterservicethueringen.com\\\/wordpress\\\/2026\\\/03\\\/15\\\/wetterlage-15-03-2026\\\/#primaryimage\"},\"image\":{\"@id\":\"https:\\\/\\\/wetterservicethueringen.com\\\/wordpress\\\/2026\\\/03\\\/15\\\/wetterlage-15-03-2026\\\/#primaryimage\"},\"thumbnailUrl\":\"https:\\\/\\\/wetterservicethueringen.com\\\/wordpress\\\/wp-content\\\/uploads\\\/2026\\\/03\\\/wetterlage-15032026.png\",\"datePublished\":\"2026-03-15T11:47:36+00:00\",\"description\":\"Wetterlage zeigt sich weiter tiefdruckgepr\u00e4gt auch zum Wochenstart. Ab Dienstag \u00dcbergang zu Hochdruckwetter wahrscheinlich.\",\"breadcrumb\":{\"@id\":\"https:\\\/\\\/wetterservicethueringen.com\\\/wordpress\\\/2026\\\/03\\\/15\\\/wetterlage-15-03-2026\\\/#breadcrumb\"},\"inLanguage\":\"de\",\"potentialAction\":[{\"@type\":\"ReadAction\",\"target\":[\"https:\\\/\\\/wetterservicethueringen.com\\\/wordpress\\\/2026\\\/03\\\/15\\\/wetterlage-15-03-2026\\\/\"]}]},{\"@type\":\"ImageObject\",\"inLanguage\":\"de\",\"@id\":\"https:\\\/\\\/wetterservicethueringen.com\\\/wordpress\\\/2026\\\/03\\\/15\\\/wetterlage-15-03-2026\\\/#primaryimage\",\"url\":\"https:\\\/\\\/wetterservicethueringen.com\\\/wordpress\\\/wp-content\\\/uploads\\\/2026\\\/03\\\/wetterlage-15032026.png\",\"contentUrl\":\"https:\\\/\\\/wetterservicethueringen.com\\\/wordpress\\\/wp-content\\\/uploads\\\/2026\\\/03\\\/wetterlage-15032026.png\",\"width\":800,\"height\":600,\"caption\":\"Wetterlage Sonntag den 15.03.2026\"},{\"@type\":\"BreadcrumbList\",\"@id\":\"https:\\\/\\\/wetterservicethueringen.com\\\/wordpress\\\/2026\\\/03\\\/15\\\/wetterlage-15-03-2026\\\/#breadcrumb\",\"itemListElement\":[{\"@type\":\"ListItem\",\"position\":1,\"name\":\"Startseite\",\"item\":\"https:\\\/\\\/wetterservicethueringen.com\\\/wordpress\\\/\"},{\"@type\":\"ListItem\",\"position\":2,\"name\":\"Wetterlage 15-03-2026\"}]},{\"@type\":\"WebSite\",\"@id\":\"https:\\\/\\\/wetterservicethueringen.com\\\/wordpress\\\/#website\",\"url\":\"https:\\\/\\\/wetterservicethueringen.com\\\/wordpress\\\/\",\"name\":\"wetterservice thueringen\",\"description\":\"Wetter aus Th\u00fcringen f\u00fcr Th\u00fcringen und Deutschland\",\"publisher\":{\"@id\":\"https:\\\/\\\/wetterservicethueringen.com\\\/wordpress\\\/#\\\/schema\\\/person\\\/43d31eb1c38dc55ace6706bb79a42238\"},\"potentialAction\":[{\"@type\":\"SearchAction\",\"target\":{\"@type\":\"EntryPoint\",\"urlTemplate\":\"https:\\\/\\\/wetterservicethueringen.com\\\/wordpress\\\/?s={search_term_string}\"},\"query-input\":{\"@type\":\"PropertyValueSpecification\",\"valueRequired\":true,\"valueName\":\"search_term_string\"}}],\"inLanguage\":\"de\"},{\"@type\":[\"Person\",\"Organization\"],\"@id\":\"https:\\\/\\\/wetterservicethueringen.com\\\/wordpress\\\/#\\\/schema\\\/person\\\/43d31eb1c38dc55ace6706bb79a42238\",\"name\":\"udo karow\",\"image\":{\"@type\":\"ImageObject\",\"inLanguage\":\"de\",\"@id\":\"https:\\\/\\\/wetterservicethueringen.com\\\/wordpress\\\/wp-content\\\/uploads\\\/2025\\\/10\\\/logo-tshirt.png\",\"url\":\"https:\\\/\\\/wetterservicethueringen.com\\\/wordpress\\\/wp-content\\\/uploads\\\/2025\\\/10\\\/logo-tshirt.png\",\"contentUrl\":\"https:\\\/\\\/wetterservicethueringen.com\\\/wordpress\\\/wp-content\\\/uploads\\\/2025\\\/10\\\/logo-tshirt.png\",\"width\":1323,\"height\":1436,\"caption\":\"udo karow\"},\"logo\":{\"@id\":\"https:\\\/\\\/wetterservicethueringen.com\\\/wordpress\\\/wp-content\\\/uploads\\\/2025\\\/10\\\/logo-tshirt.png\"},\"description\":\"1975 in Siegburg ( NRW ) geboren. Seit 2018 in Th\u00fcringen. Seit 2009 in der Meteorologie aktiv. Fr\u00fchrentner.\",\"sameAs\":[\"https:\\\/\\\/wetterservicethueringen.com\\\/wordpress\",\"https:\\\/\\\/www.facebook.com\\\/kroelpawetter\",\"https:\\\/\\\/www.instagram.com\\\/wetterservicethueringen\\\/\"],\"url\":\"https:\\\/\\\/wetterservicethueringen.com\\\/wordpress\\\/author\\\/udo-karow\\\/\"}]}<\/script>\n<!-- \/ Yoast SEO plugin. -->","yoast_head_json":{"title":"Wetterlage 15-03-2026 - wetterservice thueringen","description":"Wetterlage zeigt sich weiter tiefdruckgepr\u00e4gt auch zum Wochenstart. Ab Dienstag \u00dcbergang zu Hochdruckwetter wahrscheinlich.","robots":{"index":"index","follow":"follow","max-snippet":"max-snippet:-1","max-image-preview":"max-image-preview:large","max-video-preview":"max-video-preview:-1"},"canonical":"https:\/\/wetterservicethueringen.com\/wordpress\/2026\/03\/15\/wetterlage-15-03-2026\/","og_locale":"de_DE","og_type":"article","og_title":"Wetterlage 15-03-2026 - wetterservice thueringen","og_description":"Wetterlage zeigt sich weiter tiefdruckgepr\u00e4gt auch zum Wochenstart. Ab Dienstag \u00dcbergang zu Hochdruckwetter wahrscheinlich.","og_url":"https:\/\/wetterservicethueringen.com\/wordpress\/2026\/03\/15\/wetterlage-15-03-2026\/","og_site_name":"wetterservice thueringen","article_publisher":"https:\/\/www.facebook.com\/kroelpawetter","article_author":"https:\/\/www.facebook.com\/kroelpawetter","article_published_time":"2026-03-15T11:47:36+00:00","og_image":[{"width":800,"height":600,"url":"https:\/\/wetterservicethueringen.com\/wordpress\/wp-content\/uploads\/2026\/03\/wetterlage-15032026.png","type":"image\/png"}],"author":"udo karow","twitter_card":"summary_large_image","twitter_misc":{"Geschrieben von":"udo karow","Gesch\u00e4tzte Lesezeit":"4\u00a0Minuten"},"schema":{"@context":"https:\/\/schema.org","@graph":[{"@type":"Article","@id":"https:\/\/wetterservicethueringen.com\/wordpress\/2026\/03\/15\/wetterlage-15-03-2026\/#article","isPartOf":{"@id":"https:\/\/wetterservicethueringen.com\/wordpress\/2026\/03\/15\/wetterlage-15-03-2026\/"},"author":{"name":"udo karow","@id":"https:\/\/wetterservicethueringen.com\/wordpress\/#\/schema\/person\/43d31eb1c38dc55ace6706bb79a42238"},"headline":"Wetterlage 15-03-2026","datePublished":"2026-03-15T11:47:36+00:00","mainEntityOfPage":{"@id":"https:\/\/wetterservicethueringen.com\/wordpress\/2026\/03\/15\/wetterlage-15-03-2026\/"},"wordCount":511,"commentCount":0,"publisher":{"@id":"https:\/\/wetterservicethueringen.com\/wordpress\/#\/schema\/person\/43d31eb1c38dc55ace6706bb79a42238"},"image":{"@id":"https:\/\/wetterservicethueringen.com\/wordpress\/2026\/03\/15\/wetterlage-15-03-2026\/#primaryimage"},"thumbnailUrl":"https:\/\/wetterservicethueringen.com\/wordpress\/wp-content\/uploads\/2026\/03\/wetterlage-15032026.png","keywords":["Deutschland","ECMWF","NAO","synoptik","wetterlage"],"inLanguage":"de","potentialAction":[{"@type":"CommentAction","name":"Comment","target":["https:\/\/wetterservicethueringen.com\/wordpress\/2026\/03\/15\/wetterlage-15-03-2026\/#respond"]}]},{"@type":"WebPage","@id":"https:\/\/wetterservicethueringen.com\/wordpress\/2026\/03\/15\/wetterlage-15-03-2026\/","url":"https:\/\/wetterservicethueringen.com\/wordpress\/2026\/03\/15\/wetterlage-15-03-2026\/","name":"Wetterlage 15-03-2026 - wetterservice thueringen","isPartOf":{"@id":"https:\/\/wetterservicethueringen.com\/wordpress\/#website"},"primaryImageOfPage":{"@id":"https:\/\/wetterservicethueringen.com\/wordpress\/2026\/03\/15\/wetterlage-15-03-2026\/#primaryimage"},"image":{"@id":"https:\/\/wetterservicethueringen.com\/wordpress\/2026\/03\/15\/wetterlage-15-03-2026\/#primaryimage"},"thumbnailUrl":"https:\/\/wetterservicethueringen.com\/wordpress\/wp-content\/uploads\/2026\/03\/wetterlage-15032026.png","datePublished":"2026-03-15T11:47:36+00:00","description":"Wetterlage zeigt sich weiter tiefdruckgepr\u00e4gt auch zum Wochenstart. Ab Dienstag \u00dcbergang zu Hochdruckwetter wahrscheinlich.","breadcrumb":{"@id":"https:\/\/wetterservicethueringen.com\/wordpress\/2026\/03\/15\/wetterlage-15-03-2026\/#breadcrumb"},"inLanguage":"de","potentialAction":[{"@type":"ReadAction","target":["https:\/\/wetterservicethueringen.com\/wordpress\/2026\/03\/15\/wetterlage-15-03-2026\/"]}]},{"@type":"ImageObject","inLanguage":"de","@id":"https:\/\/wetterservicethueringen.com\/wordpress\/2026\/03\/15\/wetterlage-15-03-2026\/#primaryimage","url":"https:\/\/wetterservicethueringen.com\/wordpress\/wp-content\/uploads\/2026\/03\/wetterlage-15032026.png","contentUrl":"https:\/\/wetterservicethueringen.com\/wordpress\/wp-content\/uploads\/2026\/03\/wetterlage-15032026.png","width":800,"height":600,"caption":"Wetterlage Sonntag den 15.03.2026"},{"@type":"BreadcrumbList","@id":"https:\/\/wetterservicethueringen.com\/wordpress\/2026\/03\/15\/wetterlage-15-03-2026\/#breadcrumb","itemListElement":[{"@type":"ListItem","position":1,"name":"Startseite","item":"https:\/\/wetterservicethueringen.com\/wordpress\/"},{"@type":"ListItem","position":2,"name":"Wetterlage 15-03-2026"}]},{"@type":"WebSite","@id":"https:\/\/wetterservicethueringen.com\/wordpress\/#website","url":"https:\/\/wetterservicethueringen.com\/wordpress\/","name":"wetterservice thueringen","description":"Wetter aus Th\u00fcringen f\u00fcr Th\u00fcringen und Deutschland","publisher":{"@id":"https:\/\/wetterservicethueringen.com\/wordpress\/#\/schema\/person\/43d31eb1c38dc55ace6706bb79a42238"},"potentialAction":[{"@type":"SearchAction","target":{"@type":"EntryPoint","urlTemplate":"https:\/\/wetterservicethueringen.com\/wordpress\/?s={search_term_string}"},"query-input":{"@type":"PropertyValueSpecification","valueRequired":true,"valueName":"search_term_string"}}],"inLanguage":"de"},{"@type":["Person","Organization"],"@id":"https:\/\/wetterservicethueringen.com\/wordpress\/#\/schema\/person\/43d31eb1c38dc55ace6706bb79a42238","name":"udo karow","image":{"@type":"ImageObject","inLanguage":"de","@id":"https:\/\/wetterservicethueringen.com\/wordpress\/wp-content\/uploads\/2025\/10\/logo-tshirt.png","url":"https:\/\/wetterservicethueringen.com\/wordpress\/wp-content\/uploads\/2025\/10\/logo-tshirt.png","contentUrl":"https:\/\/wetterservicethueringen.com\/wordpress\/wp-content\/uploads\/2025\/10\/logo-tshirt.png","width":1323,"height":1436,"caption":"udo karow"},"logo":{"@id":"https:\/\/wetterservicethueringen.com\/wordpress\/wp-content\/uploads\/2025\/10\/logo-tshirt.png"},"description":"1975 in Siegburg ( NRW ) geboren. Seit 2018 in Th\u00fcringen. Seit 2009 in der Meteorologie aktiv. Fr\u00fchrentner.","sameAs":["https:\/\/wetterservicethueringen.com\/wordpress","https:\/\/www.facebook.com\/kroelpawetter","https:\/\/www.instagram.com\/wetterservicethueringen\/"],"url":"https:\/\/wetterservicethueringen.com\/wordpress\/author\/udo-karow\/"}]}},"_links":{"self":[{"href":"https:\/\/wetterservicethueringen.com\/wordpress\/wp-json\/wp\/v2\/posts\/545","targetHints":{"allow":["GET"]}}],"collection":[{"href":"https:\/\/wetterservicethueringen.com\/wordpress\/wp-json\/wp\/v2\/posts"}],"about":[{"href":"https:\/\/wetterservicethueringen.com\/wordpress\/wp-json\/wp\/v2\/types\/post"}],"author":[{"embeddable":true,"href":"https:\/\/wetterservicethueringen.com\/wordpress\/wp-json\/wp\/v2\/users\/1"}],"replies":[{"embeddable":true,"href":"https:\/\/wetterservicethueringen.com\/wordpress\/wp-json\/wp\/v2\/comments?post=545"}],"version-history":[{"count":1,"href":"https:\/\/wetterservicethueringen.com\/wordpress\/wp-json\/wp\/v2\/posts\/545\/revisions"}],"predecessor-version":[{"id":549,"href":"https:\/\/wetterservicethueringen.com\/wordpress\/wp-json\/wp\/v2\/posts\/545\/revisions\/549"}],"wp:featuredmedia":[{"embeddable":true,"href":"https:\/\/wetterservicethueringen.com\/wordpress\/wp-json\/wp\/v2\/media\/546"}],"wp:attachment":[{"href":"https:\/\/wetterservicethueringen.com\/wordpress\/wp-json\/wp\/v2\/media?parent=545"}],"wp:term":[{"taxonomy":"category","embeddable":true,"href":"https:\/\/wetterservicethueringen.com\/wordpress\/wp-json\/wp\/v2\/categories?post=545"},{"taxonomy":"post_tag","embeddable":true,"href":"https:\/\/wetterservicethueringen.com\/wordpress\/wp-json\/wp\/v2\/tags?post=545"}],"curies":[{"name":"wp","href":"https:\/\/api.w.org\/{rel}","templated":true}]}}