{"id":554,"date":"2026-03-22T12:28:23","date_gmt":"2026-03-22T11:28:23","guid":{"rendered":"https:\/\/wetterservicethueringen.com\/wordpress\/?p=554"},"modified":"2026-03-22T12:28:23","modified_gmt":"2026-03-22T11:28:23","slug":"wetterlage-25-26-03-2026","status":"publish","type":"post","link":"https:\/\/wetterservicethueringen.com\/wordpress\/2026\/03\/22\/wetterlage-25-26-03-2026\/","title":{"rendered":"Wetterlage 25-26-03-2026"},"content":{"rendered":"<h1><span style=\"color: #000000;\">Wetterlage zeigt zun\u00e4chst mildes Fr\u00fchlingswetter dann aber Kaltlufteinbruch !<\/span><\/h1>\n<h2><span style=\"color: #000000;\">Wetterlage zeigt Mittwoch mit markanter Kaltfront und einflie\u00dfender hochreichender kalter Polarluft !<\/span><\/h2>\n<h3><span style=\"color: #000000;\">Es bleibt zun\u00e4chst ruhig und fr\u00fchlingshaft mild aber mit k\u00fchlen N\u00e4chten. Abziehendes H\u00f6hentief sorgt noch im S\u00fcdosten und S\u00fcden f\u00fcr ein leichtes Schauerrisiko. Sonst scheint verbreitet die Sonne. Am Mittwoch wird dann eine markante Kaltfront erwartet. Dabei wird es zunehmend wechselhafter, k\u00e4lter und windiger. Schauer und auch Gewitter werden ein Thema werden und die Schneefallgrenze sinkt deutlich ab.\u00a0<\/span><\/h3>\n<p><a href=\"https:\/\/deweko.org\/ewi\/test.html?model=dwd_icon_eu&amp;var=pressure_msl&amp;date=2026-03-26&amp;tidx=4&amp;lat=53.8931&amp;lon=13.8389&amp;z=3.27\"><img loading=\"lazy\" decoding=\"async\" class=\"alignnone size-full wp-image-555\" src=\"https:\/\/wetterservicethueringen.com\/wordpress\/wp-content\/uploads\/2026\/03\/wetterlage-25032026.png\" alt=\"Wetterlage Mittwoch 25-03-2026\" width=\"800\" height=\"600\" srcset=\"https:\/\/wetterservicethueringen.com\/wordpress\/wp-content\/uploads\/2026\/03\/wetterlage-25032026.png 800w, https:\/\/wetterservicethueringen.com\/wordpress\/wp-content\/uploads\/2026\/03\/wetterlage-25032026-300x225.png 300w, https:\/\/wetterservicethueringen.com\/wordpress\/wp-content\/uploads\/2026\/03\/wetterlage-25032026-768x576.png 768w, https:\/\/wetterservicethueringen.com\/wordpress\/wp-content\/uploads\/2026\/03\/wetterlage-25032026-678x509.png 678w, https:\/\/wetterservicethueringen.com\/wordpress\/wp-content\/uploads\/2026\/03\/wetterlage-25032026-326x245.png 326w, https:\/\/wetterservicethueringen.com\/wordpress\/wp-content\/uploads\/2026\/03\/wetterlage-25032026-80x60.png 80w\" sizes=\"auto, (max-width: 800px) 100vw, 800px\" \/><\/a><\/p>\n<p><span style=\"color: #000000;\">Nach einem eher fr\u00fchlingshaften Wochenbeginn wird am Mittwoch eine markante Kaltfront erwartet. Diese wird uns wahrscheinlich sehr rasch \u00fcberqueren. Im Vorfeld k\u00f6nnte nochmals milde Luft wetterwirksam sein. Hinter dieser Kaltfront flie\u00dft zunehmend hochreichende Kaltluft polaren Ursprungs ein. Durch H\u00f6henkaltluft mit bis zu -36 Grad in 5,5 km H\u00f6he kommt es zur Labilisierung der Luftmasse. Dieses l\u00f6sst zahlreiche Schauer und auch m\u00f6gliche Gewitter mit Graupel aus. In Lagen oberhalb 700 Meter sind Schneef\u00e4lle m\u00f6glich. Durch die zunehmend nordwestliche bis n\u00f6rdliche Anstr\u00f6mung kann es in den Nordalpen zu Stauniederschlag kommen. Dabei auch hier bis oberhalb 800 Meter Schneefall m\u00f6glich eventuell auch tiefer. Zu dem Kaltlufteinbruch wird auch der Wind ein Thema und besonders bei Schauern und Gewitter sind steife bis st\u00fcrmische B\u00f6en teils auch Sturmb\u00f6en m\u00f6glich.<\/span><\/p>\n<p><img loading=\"lazy\" decoding=\"async\" class=\"alignnone size-full wp-image-556\" src=\"https:\/\/wetterservicethueringen.com\/wordpress\/wp-content\/uploads\/2026\/03\/wetterlage-26032026.png\" alt=\"Wetterlage Donnerstag 26-03-2026\" width=\"800\" height=\"600\" srcset=\"https:\/\/wetterservicethueringen.com\/wordpress\/wp-content\/uploads\/2026\/03\/wetterlage-26032026.png 800w, https:\/\/wetterservicethueringen.com\/wordpress\/wp-content\/uploads\/2026\/03\/wetterlage-26032026-300x225.png 300w, https:\/\/wetterservicethueringen.com\/wordpress\/wp-content\/uploads\/2026\/03\/wetterlage-26032026-768x576.png 768w, https:\/\/wetterservicethueringen.com\/wordpress\/wp-content\/uploads\/2026\/03\/wetterlage-26032026-678x509.png 678w, https:\/\/wetterservicethueringen.com\/wordpress\/wp-content\/uploads\/2026\/03\/wetterlage-26032026-326x245.png 326w, https:\/\/wetterservicethueringen.com\/wordpress\/wp-content\/uploads\/2026\/03\/wetterlage-26032026-80x60.png 80w\" sizes=\"auto, (max-width: 800px) 100vw, 800px\" \/><\/p>\n<p><span style=\"color: #000000;\">Am Donnerstag hat uns dann die Kaltluft komplett \u00fcberflutet und Deutschland wird von einem Trog beeinflusst. Dieser Trog ist gef\u00fcllt mit H\u00f6henkaltluft von bis zu -36 Grad in 5,5 km H\u00f6he. Dadurch bleibt es bei der labilen Kaltluft und es sind weitere Schauer und auch Graupelgewitter m\u00f6glich. Dabei kann die Schneefallgrenze noch etwas sinken. Die Temperaturen bleiben fast \u00fcberall einstellig und nur mit viel Gl\u00fcck sind dann noch 10 Grad drin. \u00dcber Norditalien entwickelt sich ein weiteres kr\u00e4ftiges Tief das Richtung Balkan zieht. Dabei k\u00f6nnte sich ein Tief abspalten und als m\u00f6gliches 5-B-Tief die Alpen und auch \u00d6sterreich beeinflussen mit teils ergiebigen Niederschl\u00e4gen. Dabei kann auch Schnee bis in tiefere Lagen ein Thema werden. Deutschland wird nach aktuellem Stand von diesem Tief kaum beeinflusst.\u00a0<\/span><\/p>\n<p><span style=\"color: #000000;\">Bislang sehen es die Modelle alle recht \u00e4hnlich. Allerdings gibt es noch Unsicherheiten beim zeitlichen Ablauf.<\/span><\/p>\n<figure id=\"attachment_557\" aria-describedby=\"caption-attachment-557\" style=\"width: 800px\" class=\"wp-caption alignnone\"><img loading=\"lazy\" decoding=\"async\" class=\"size-full wp-image-557\" src=\"https:\/\/wetterservicethueringen.com\/wordpress\/wp-content\/uploads\/2026\/03\/temperaturdiagramm-22032026.png\" alt=\"Temperaturdiagramme St\u00e4dte 22.03.2026\" width=\"800\" height=\"500\" srcset=\"https:\/\/wetterservicethueringen.com\/wordpress\/wp-content\/uploads\/2026\/03\/temperaturdiagramm-22032026.png 800w, https:\/\/wetterservicethueringen.com\/wordpress\/wp-content\/uploads\/2026\/03\/temperaturdiagramm-22032026-300x188.png 300w, https:\/\/wetterservicethueringen.com\/wordpress\/wp-content\/uploads\/2026\/03\/temperaturdiagramm-22032026-768x480.png 768w\" sizes=\"auto, (max-width: 800px) 100vw, 800px\" \/><figcaption id=\"caption-attachment-557\" class=\"wp-caption-text\">Dargestellt sind die mildesten Berechnungen verschiedener St\u00e4dte von Nord nach S\u00fcd<\/figcaption><\/figure>\n<p><span style=\"color: #000000;\">Anhand des Temperaturdiagramms verschiedener St\u00e4dte in Deutschland, sehen wir deutlich den markanten Temperaturr\u00fcckgang. Auch die zeitliche Versetzung ist dabei sichtbar je nachdem wann die Kaltfront durchzieht. Danach geht es dann f\u00fcr alle k\u00fchl weiter. Vor allem in M\u00fcnchen wird es sehr k\u00fchl werden nach Kaltfrontdurchgang. Das wird sich auch bei der Schneefallgrenze zeigen . Noch bleibt es abzuwarten denn es kann noch k\u00e4lter werden weil die Diagramme ja den Mildesten Lauf zeigen.<\/span><\/p>\n<p>Danach zeigen die Modelle eine m\u00f6gliche blockierende Situation an mit m\u00f6glichem Atlantikhoch und \/ oder Hoch Skandinavien \/ Mitteleuropa. Der positive NAO ist dabei nur wenig vorhanden und das k\u00f6nnte Platz machen f\u00fcr weitere Kaltlufteinbr\u00fcche. So kann es den n\u00e4chsten Kaltlufteinbruch an Ostern geben, was aber noch abzuwarten bleibt.<\/p>\n<p>&nbsp;<\/p>\n","protected":false},"excerpt":{"rendered":"<div class=\"mh-excerpt\"><p>Wetterlage zeigt zun\u00e4chst mildes Fr\u00fchlingswetter dann aber Kaltlufteinbruch ! Wetterlage zeigt Mittwoch mit markanter Kaltfront und einflie\u00dfender hochreichender kalter Polarluft ! Es bleibt zun\u00e4chst ruhig <a class=\"mh-excerpt-more\" href=\"https:\/\/wetterservicethueringen.com\/wordpress\/2026\/03\/22\/wetterlage-25-26-03-2026\/\" title=\"Wetterlage 25-26-03-2026\">[&#8230;]<\/a><\/p>\n<\/div>","protected":false},"author":1,"featured_media":555,"comment_status":"open","ping_status":"open","sticky":false,"template":"","format":"standard","meta":{"footnotes":""},"categories":[1],"tags":[11,38,39,40,24],"class_list":["post-554","post","type-post","status-publish","format-standard","has-post-thumbnail","hentry","category-allgemein","tag-deutschland","tag-ecmwf","tag-gfs","tag-nao","tag-wetterlage"],"yoast_head":"<!-- This site is optimized with the Yoast SEO plugin v27.3 - https:\/\/yoast.com\/product\/yoast-seo-wordpress\/ -->\n<title>Wetterlage 25-26-03-2026 - wetterservice thueringen<\/title>\n<meta name=\"description\" content=\"Zun\u00e4chst bleibt es fr\u00fchlingshaft aber dann erfolgt am Mittwoch eine markante Kaltfront mit einflie\u00dfender hochreichender Kaltluft.\" \/>\n<meta name=\"robots\" content=\"index, follow, max-snippet:-1, max-image-preview:large, max-video-preview:-1\" \/>\n<link rel=\"canonical\" href=\"https:\/\/wetterservicethueringen.com\/wordpress\/2026\/03\/22\/wetterlage-25-26-03-2026\/\" \/>\n<meta property=\"og:locale\" content=\"de_DE\" \/>\n<meta property=\"og:type\" content=\"article\" \/>\n<meta property=\"og:title\" content=\"Wetterlage 25-26-03-2026 - wetterservice thueringen\" \/>\n<meta property=\"og:description\" content=\"Zun\u00e4chst bleibt es fr\u00fchlingshaft aber dann erfolgt am Mittwoch eine markante Kaltfront mit einflie\u00dfender hochreichender Kaltluft.\" \/>\n<meta property=\"og:url\" content=\"https:\/\/wetterservicethueringen.com\/wordpress\/2026\/03\/22\/wetterlage-25-26-03-2026\/\" \/>\n<meta property=\"og:site_name\" content=\"wetterservice thueringen\" \/>\n<meta property=\"article:publisher\" content=\"https:\/\/www.facebook.com\/kroelpawetter\" \/>\n<meta property=\"article:author\" content=\"https:\/\/www.facebook.com\/kroelpawetter\" \/>\n<meta property=\"article:published_time\" content=\"2026-03-22T11:28:23+00:00\" \/>\n<meta property=\"og:image\" content=\"https:\/\/wetterservicethueringen.com\/wordpress\/wp-content\/uploads\/2026\/03\/wetterlage-25032026.png\" \/>\n\t<meta property=\"og:image:width\" content=\"800\" \/>\n\t<meta property=\"og:image:height\" content=\"600\" \/>\n\t<meta property=\"og:image:type\" content=\"image\/png\" \/>\n<meta name=\"author\" content=\"udo karow\" \/>\n<meta name=\"twitter:card\" content=\"summary_large_image\" \/>\n<meta name=\"twitter:label1\" content=\"Geschrieben von\" \/>\n\t<meta name=\"twitter:data1\" content=\"udo karow\" \/>\n\t<meta name=\"twitter:label2\" content=\"Gesch\u00e4tzte Lesezeit\" \/>\n\t<meta name=\"twitter:data2\" content=\"4\u00a0Minuten\" \/>\n<script type=\"application\/ld+json\" class=\"yoast-schema-graph\">{\"@context\":\"https:\\\/\\\/schema.org\",\"@graph\":[{\"@type\":\"Article\",\"@id\":\"https:\\\/\\\/wetterservicethueringen.com\\\/wordpress\\\/2026\\\/03\\\/22\\\/wetterlage-25-26-03-2026\\\/#article\",\"isPartOf\":{\"@id\":\"https:\\\/\\\/wetterservicethueringen.com\\\/wordpress\\\/2026\\\/03\\\/22\\\/wetterlage-25-26-03-2026\\\/\"},\"author\":{\"name\":\"udo karow\",\"@id\":\"https:\\\/\\\/wetterservicethueringen.com\\\/wordpress\\\/#\\\/schema\\\/person\\\/43d31eb1c38dc55ace6706bb79a42238\"},\"headline\":\"Wetterlage 25-26-03-2026\",\"datePublished\":\"2026-03-22T11:28:23+00:00\",\"mainEntityOfPage\":{\"@id\":\"https:\\\/\\\/wetterservicethueringen.com\\\/wordpress\\\/2026\\\/03\\\/22\\\/wetterlage-25-26-03-2026\\\/\"},\"wordCount\":529,\"commentCount\":0,\"publisher\":{\"@id\":\"https:\\\/\\\/wetterservicethueringen.com\\\/wordpress\\\/#\\\/schema\\\/person\\\/43d31eb1c38dc55ace6706bb79a42238\"},\"image\":{\"@id\":\"https:\\\/\\\/wetterservicethueringen.com\\\/wordpress\\\/2026\\\/03\\\/22\\\/wetterlage-25-26-03-2026\\\/#primaryimage\"},\"thumbnailUrl\":\"https:\\\/\\\/wetterservicethueringen.com\\\/wordpress\\\/wp-content\\\/uploads\\\/2026\\\/03\\\/wetterlage-25032026.png\",\"keywords\":[\"Deutschland\",\"ECMWF\",\"GFS\",\"NAO\",\"wetterlage\"],\"inLanguage\":\"de\",\"potentialAction\":[{\"@type\":\"CommentAction\",\"name\":\"Comment\",\"target\":[\"https:\\\/\\\/wetterservicethueringen.com\\\/wordpress\\\/2026\\\/03\\\/22\\\/wetterlage-25-26-03-2026\\\/#respond\"]}]},{\"@type\":\"WebPage\",\"@id\":\"https:\\\/\\\/wetterservicethueringen.com\\\/wordpress\\\/2026\\\/03\\\/22\\\/wetterlage-25-26-03-2026\\\/\",\"url\":\"https:\\\/\\\/wetterservicethueringen.com\\\/wordpress\\\/2026\\\/03\\\/22\\\/wetterlage-25-26-03-2026\\\/\",\"name\":\"Wetterlage 25-26-03-2026 - wetterservice thueringen\",\"isPartOf\":{\"@id\":\"https:\\\/\\\/wetterservicethueringen.com\\\/wordpress\\\/#website\"},\"primaryImageOfPage\":{\"@id\":\"https:\\\/\\\/wetterservicethueringen.com\\\/wordpress\\\/2026\\\/03\\\/22\\\/wetterlage-25-26-03-2026\\\/#primaryimage\"},\"image\":{\"@id\":\"https:\\\/\\\/wetterservicethueringen.com\\\/wordpress\\\/2026\\\/03\\\/22\\\/wetterlage-25-26-03-2026\\\/#primaryimage\"},\"thumbnailUrl\":\"https:\\\/\\\/wetterservicethueringen.com\\\/wordpress\\\/wp-content\\\/uploads\\\/2026\\\/03\\\/wetterlage-25032026.png\",\"datePublished\":\"2026-03-22T11:28:23+00:00\",\"description\":\"Zun\u00e4chst bleibt es fr\u00fchlingshaft aber dann erfolgt am Mittwoch eine markante Kaltfront mit einflie\u00dfender hochreichender Kaltluft.\",\"breadcrumb\":{\"@id\":\"https:\\\/\\\/wetterservicethueringen.com\\\/wordpress\\\/2026\\\/03\\\/22\\\/wetterlage-25-26-03-2026\\\/#breadcrumb\"},\"inLanguage\":\"de\",\"potentialAction\":[{\"@type\":\"ReadAction\",\"target\":[\"https:\\\/\\\/wetterservicethueringen.com\\\/wordpress\\\/2026\\\/03\\\/22\\\/wetterlage-25-26-03-2026\\\/\"]}]},{\"@type\":\"ImageObject\",\"inLanguage\":\"de\",\"@id\":\"https:\\\/\\\/wetterservicethueringen.com\\\/wordpress\\\/2026\\\/03\\\/22\\\/wetterlage-25-26-03-2026\\\/#primaryimage\",\"url\":\"https:\\\/\\\/wetterservicethueringen.com\\\/wordpress\\\/wp-content\\\/uploads\\\/2026\\\/03\\\/wetterlage-25032026.png\",\"contentUrl\":\"https:\\\/\\\/wetterservicethueringen.com\\\/wordpress\\\/wp-content\\\/uploads\\\/2026\\\/03\\\/wetterlage-25032026.png\",\"width\":800,\"height\":600,\"caption\":\"Wetterlage Mittwoch 25-03-2026\"},{\"@type\":\"BreadcrumbList\",\"@id\":\"https:\\\/\\\/wetterservicethueringen.com\\\/wordpress\\\/2026\\\/03\\\/22\\\/wetterlage-25-26-03-2026\\\/#breadcrumb\",\"itemListElement\":[{\"@type\":\"ListItem\",\"position\":1,\"name\":\"Startseite\",\"item\":\"https:\\\/\\\/wetterservicethueringen.com\\\/wordpress\\\/\"},{\"@type\":\"ListItem\",\"position\":2,\"name\":\"Wetterlage 25-26-03-2026\"}]},{\"@type\":\"WebSite\",\"@id\":\"https:\\\/\\\/wetterservicethueringen.com\\\/wordpress\\\/#website\",\"url\":\"https:\\\/\\\/wetterservicethueringen.com\\\/wordpress\\\/\",\"name\":\"wetterservice thueringen\",\"description\":\"Wetter aus Th\u00fcringen f\u00fcr Th\u00fcringen und Deutschland\",\"publisher\":{\"@id\":\"https:\\\/\\\/wetterservicethueringen.com\\\/wordpress\\\/#\\\/schema\\\/person\\\/43d31eb1c38dc55ace6706bb79a42238\"},\"potentialAction\":[{\"@type\":\"SearchAction\",\"target\":{\"@type\":\"EntryPoint\",\"urlTemplate\":\"https:\\\/\\\/wetterservicethueringen.com\\\/wordpress\\\/?s={search_term_string}\"},\"query-input\":{\"@type\":\"PropertyValueSpecification\",\"valueRequired\":true,\"valueName\":\"search_term_string\"}}],\"inLanguage\":\"de\"},{\"@type\":[\"Person\",\"Organization\"],\"@id\":\"https:\\\/\\\/wetterservicethueringen.com\\\/wordpress\\\/#\\\/schema\\\/person\\\/43d31eb1c38dc55ace6706bb79a42238\",\"name\":\"udo karow\",\"image\":{\"@type\":\"ImageObject\",\"inLanguage\":\"de\",\"@id\":\"https:\\\/\\\/wetterservicethueringen.com\\\/wordpress\\\/wp-content\\\/uploads\\\/2025\\\/10\\\/logo-tshirt.png\",\"url\":\"https:\\\/\\\/wetterservicethueringen.com\\\/wordpress\\\/wp-content\\\/uploads\\\/2025\\\/10\\\/logo-tshirt.png\",\"contentUrl\":\"https:\\\/\\\/wetterservicethueringen.com\\\/wordpress\\\/wp-content\\\/uploads\\\/2025\\\/10\\\/logo-tshirt.png\",\"width\":1323,\"height\":1436,\"caption\":\"udo karow\"},\"logo\":{\"@id\":\"https:\\\/\\\/wetterservicethueringen.com\\\/wordpress\\\/wp-content\\\/uploads\\\/2025\\\/10\\\/logo-tshirt.png\"},\"description\":\"1975 in Siegburg ( NRW ) geboren. Seit 2018 in Th\u00fcringen. Seit 2009 in der Meteorologie aktiv. Fr\u00fchrentner.\",\"sameAs\":[\"https:\\\/\\\/wetterservicethueringen.com\\\/wordpress\",\"https:\\\/\\\/www.facebook.com\\\/kroelpawetter\",\"https:\\\/\\\/www.instagram.com\\\/wetterservicethueringen\\\/\"],\"url\":\"https:\\\/\\\/wetterservicethueringen.com\\\/wordpress\\\/author\\\/udo-karow\\\/\"}]}<\/script>\n<!-- \/ Yoast SEO plugin. -->","yoast_head_json":{"title":"Wetterlage 25-26-03-2026 - wetterservice thueringen","description":"Zun\u00e4chst bleibt es fr\u00fchlingshaft aber dann erfolgt am Mittwoch eine markante Kaltfront mit einflie\u00dfender hochreichender Kaltluft.","robots":{"index":"index","follow":"follow","max-snippet":"max-snippet:-1","max-image-preview":"max-image-preview:large","max-video-preview":"max-video-preview:-1"},"canonical":"https:\/\/wetterservicethueringen.com\/wordpress\/2026\/03\/22\/wetterlage-25-26-03-2026\/","og_locale":"de_DE","og_type":"article","og_title":"Wetterlage 25-26-03-2026 - wetterservice thueringen","og_description":"Zun\u00e4chst bleibt es fr\u00fchlingshaft aber dann erfolgt am Mittwoch eine markante Kaltfront mit einflie\u00dfender hochreichender Kaltluft.","og_url":"https:\/\/wetterservicethueringen.com\/wordpress\/2026\/03\/22\/wetterlage-25-26-03-2026\/","og_site_name":"wetterservice thueringen","article_publisher":"https:\/\/www.facebook.com\/kroelpawetter","article_author":"https:\/\/www.facebook.com\/kroelpawetter","article_published_time":"2026-03-22T11:28:23+00:00","og_image":[{"width":800,"height":600,"url":"https:\/\/wetterservicethueringen.com\/wordpress\/wp-content\/uploads\/2026\/03\/wetterlage-25032026.png","type":"image\/png"}],"author":"udo karow","twitter_card":"summary_large_image","twitter_misc":{"Geschrieben von":"udo karow","Gesch\u00e4tzte Lesezeit":"4\u00a0Minuten"},"schema":{"@context":"https:\/\/schema.org","@graph":[{"@type":"Article","@id":"https:\/\/wetterservicethueringen.com\/wordpress\/2026\/03\/22\/wetterlage-25-26-03-2026\/#article","isPartOf":{"@id":"https:\/\/wetterservicethueringen.com\/wordpress\/2026\/03\/22\/wetterlage-25-26-03-2026\/"},"author":{"name":"udo karow","@id":"https:\/\/wetterservicethueringen.com\/wordpress\/#\/schema\/person\/43d31eb1c38dc55ace6706bb79a42238"},"headline":"Wetterlage 25-26-03-2026","datePublished":"2026-03-22T11:28:23+00:00","mainEntityOfPage":{"@id":"https:\/\/wetterservicethueringen.com\/wordpress\/2026\/03\/22\/wetterlage-25-26-03-2026\/"},"wordCount":529,"commentCount":0,"publisher":{"@id":"https:\/\/wetterservicethueringen.com\/wordpress\/#\/schema\/person\/43d31eb1c38dc55ace6706bb79a42238"},"image":{"@id":"https:\/\/wetterservicethueringen.com\/wordpress\/2026\/03\/22\/wetterlage-25-26-03-2026\/#primaryimage"},"thumbnailUrl":"https:\/\/wetterservicethueringen.com\/wordpress\/wp-content\/uploads\/2026\/03\/wetterlage-25032026.png","keywords":["Deutschland","ECMWF","GFS","NAO","wetterlage"],"inLanguage":"de","potentialAction":[{"@type":"CommentAction","name":"Comment","target":["https:\/\/wetterservicethueringen.com\/wordpress\/2026\/03\/22\/wetterlage-25-26-03-2026\/#respond"]}]},{"@type":"WebPage","@id":"https:\/\/wetterservicethueringen.com\/wordpress\/2026\/03\/22\/wetterlage-25-26-03-2026\/","url":"https:\/\/wetterservicethueringen.com\/wordpress\/2026\/03\/22\/wetterlage-25-26-03-2026\/","name":"Wetterlage 25-26-03-2026 - wetterservice thueringen","isPartOf":{"@id":"https:\/\/wetterservicethueringen.com\/wordpress\/#website"},"primaryImageOfPage":{"@id":"https:\/\/wetterservicethueringen.com\/wordpress\/2026\/03\/22\/wetterlage-25-26-03-2026\/#primaryimage"},"image":{"@id":"https:\/\/wetterservicethueringen.com\/wordpress\/2026\/03\/22\/wetterlage-25-26-03-2026\/#primaryimage"},"thumbnailUrl":"https:\/\/wetterservicethueringen.com\/wordpress\/wp-content\/uploads\/2026\/03\/wetterlage-25032026.png","datePublished":"2026-03-22T11:28:23+00:00","description":"Zun\u00e4chst bleibt es fr\u00fchlingshaft aber dann erfolgt am Mittwoch eine markante Kaltfront mit einflie\u00dfender hochreichender Kaltluft.","breadcrumb":{"@id":"https:\/\/wetterservicethueringen.com\/wordpress\/2026\/03\/22\/wetterlage-25-26-03-2026\/#breadcrumb"},"inLanguage":"de","potentialAction":[{"@type":"ReadAction","target":["https:\/\/wetterservicethueringen.com\/wordpress\/2026\/03\/22\/wetterlage-25-26-03-2026\/"]}]},{"@type":"ImageObject","inLanguage":"de","@id":"https:\/\/wetterservicethueringen.com\/wordpress\/2026\/03\/22\/wetterlage-25-26-03-2026\/#primaryimage","url":"https:\/\/wetterservicethueringen.com\/wordpress\/wp-content\/uploads\/2026\/03\/wetterlage-25032026.png","contentUrl":"https:\/\/wetterservicethueringen.com\/wordpress\/wp-content\/uploads\/2026\/03\/wetterlage-25032026.png","width":800,"height":600,"caption":"Wetterlage Mittwoch 25-03-2026"},{"@type":"BreadcrumbList","@id":"https:\/\/wetterservicethueringen.com\/wordpress\/2026\/03\/22\/wetterlage-25-26-03-2026\/#breadcrumb","itemListElement":[{"@type":"ListItem","position":1,"name":"Startseite","item":"https:\/\/wetterservicethueringen.com\/wordpress\/"},{"@type":"ListItem","position":2,"name":"Wetterlage 25-26-03-2026"}]},{"@type":"WebSite","@id":"https:\/\/wetterservicethueringen.com\/wordpress\/#website","url":"https:\/\/wetterservicethueringen.com\/wordpress\/","name":"wetterservice thueringen","description":"Wetter aus Th\u00fcringen f\u00fcr Th\u00fcringen und Deutschland","publisher":{"@id":"https:\/\/wetterservicethueringen.com\/wordpress\/#\/schema\/person\/43d31eb1c38dc55ace6706bb79a42238"},"potentialAction":[{"@type":"SearchAction","target":{"@type":"EntryPoint","urlTemplate":"https:\/\/wetterservicethueringen.com\/wordpress\/?s={search_term_string}"},"query-input":{"@type":"PropertyValueSpecification","valueRequired":true,"valueName":"search_term_string"}}],"inLanguage":"de"},{"@type":["Person","Organization"],"@id":"https:\/\/wetterservicethueringen.com\/wordpress\/#\/schema\/person\/43d31eb1c38dc55ace6706bb79a42238","name":"udo karow","image":{"@type":"ImageObject","inLanguage":"de","@id":"https:\/\/wetterservicethueringen.com\/wordpress\/wp-content\/uploads\/2025\/10\/logo-tshirt.png","url":"https:\/\/wetterservicethueringen.com\/wordpress\/wp-content\/uploads\/2025\/10\/logo-tshirt.png","contentUrl":"https:\/\/wetterservicethueringen.com\/wordpress\/wp-content\/uploads\/2025\/10\/logo-tshirt.png","width":1323,"height":1436,"caption":"udo karow"},"logo":{"@id":"https:\/\/wetterservicethueringen.com\/wordpress\/wp-content\/uploads\/2025\/10\/logo-tshirt.png"},"description":"1975 in Siegburg ( NRW ) geboren. Seit 2018 in Th\u00fcringen. Seit 2009 in der Meteorologie aktiv. Fr\u00fchrentner.","sameAs":["https:\/\/wetterservicethueringen.com\/wordpress","https:\/\/www.facebook.com\/kroelpawetter","https:\/\/www.instagram.com\/wetterservicethueringen\/"],"url":"https:\/\/wetterservicethueringen.com\/wordpress\/author\/udo-karow\/"}]}},"_links":{"self":[{"href":"https:\/\/wetterservicethueringen.com\/wordpress\/wp-json\/wp\/v2\/posts\/554","targetHints":{"allow":["GET"]}}],"collection":[{"href":"https:\/\/wetterservicethueringen.com\/wordpress\/wp-json\/wp\/v2\/posts"}],"about":[{"href":"https:\/\/wetterservicethueringen.com\/wordpress\/wp-json\/wp\/v2\/types\/post"}],"author":[{"embeddable":true,"href":"https:\/\/wetterservicethueringen.com\/wordpress\/wp-json\/wp\/v2\/users\/1"}],"replies":[{"embeddable":true,"href":"https:\/\/wetterservicethueringen.com\/wordpress\/wp-json\/wp\/v2\/comments?post=554"}],"version-history":[{"count":1,"href":"https:\/\/wetterservicethueringen.com\/wordpress\/wp-json\/wp\/v2\/posts\/554\/revisions"}],"predecessor-version":[{"id":558,"href":"https:\/\/wetterservicethueringen.com\/wordpress\/wp-json\/wp\/v2\/posts\/554\/revisions\/558"}],"wp:featuredmedia":[{"embeddable":true,"href":"https:\/\/wetterservicethueringen.com\/wordpress\/wp-json\/wp\/v2\/media\/555"}],"wp:attachment":[{"href":"https:\/\/wetterservicethueringen.com\/wordpress\/wp-json\/wp\/v2\/media?parent=554"}],"wp:term":[{"taxonomy":"category","embeddable":true,"href":"https:\/\/wetterservicethueringen.com\/wordpress\/wp-json\/wp\/v2\/categories?post=554"},{"taxonomy":"post_tag","embeddable":true,"href":"https:\/\/wetterservicethueringen.com\/wordpress\/wp-json\/wp\/v2\/tags?post=554"}],"curies":[{"name":"wp","href":"https:\/\/api.w.org\/{rel}","templated":true}]}}